{"id":4929,"date":"2026-03-13T15:38:01","date_gmt":"2026-03-13T14:38:01","guid":{"rendered":"https:\/\/actaseptimana.de\/?p=4929"},"modified":"2026-03-13T15:53:22","modified_gmt":"2026-03-13T14:53:22","slug":"4929","status":"publish","type":"post","link":"https:\/\/actaseptimana.de\/index.php\/2026\/03\/13\/4929\/","title":{"rendered":""},"content":{"rendered":"<p>EINE SACHE DER PERSPEKTIVE<\/p>\n<p>Im Blickpunkt: Das V\u00f6lkerrecht.<br \/>\nBekanntlich gibt es die Fu\u00dfballfans, die nicht selten selbstgewiss von sich behaupten, gleichzeitig Fu\u00dfballexperten zu sein.<br \/>\nWenn Europa- oder Weltmeisterschaften stattfinden, hat Deutschland gef\u00fchlt vier Dutzend Millionen Experten.<br \/>\nIn politisch-milit\u00e4rischen Krisenzeiten gibt es ein \u00e4hnliches Ph\u00e4nomen: eine richtige Flut von echten aber auch selbsternannten und selbstgerechten V\u00f6lkerrechtlern. Sie alle wissen bestens, was die Stunde geschlagen hat. Jene Staaten, die das V\u00f6lkerrecht missachten, sind schnell ausgemacht. Sie sind die B\u00f6sen. Schwarz-Wei\u00df-Malerei ohne Grau- und ohne Zwischent\u00f6ne. Alles ist sonnenklar.<br \/>\nEinspruch: Nichts ist klar.<br \/>\nZun\u00e4chst einmal: Das V\u00f6lkerrecht ist zweifelsohne eine zivilisatorische Errungenschaft, woran wohl nicht zu deuteln ist. Punkt.<br \/>\nWie jedes andere Rechtsgut muss auch das V\u00f6lkerrecht in erster Linie die Realit\u00e4t abbilden. Wird die unbestreitbare Realit\u00e4t aber ausgeblendet, verliert jedes Rechtsgut seine juristische Legitimation. Das moralische Hochhalten von illusion\u00e4ren Tatsachen oder gar W\u00fcnschen ist keine juristische Kategorie. Die Aussage &#8222;So m\u00fcsste die Welt sein&#8220; entbehrt jeglicher judikativer Grundlage und kann nicht in einen Gesetzestext gegossen werden.<br \/>\nAu\u00dferdem: Voraussetzung, dass Recht und Gesetz eingehalten werden, ist das Vorhandensein einer (relativ unabh\u00e4ngiger) Instanz, die die Einhaltung der Rechtsvorschriften \u00fcberwacht und gegebenenfalls (nat\u00fcrlich auch mit Gewalt) durchsetzt. Ein Gesetz, das sich nicht durchsetzen l\u00e4sst, ist ein zahnloser Papiertiger.<br \/>\nDie Weltgemeinschaft br\u00e4uchte demnach eine &#8211; egal wie geartete &#8211; neutrale Weltpolizei, die dem V\u00f6lkerrecht notfalls mit Gewalt Achtung verschaffen k\u00f6nnte. Allerdings will ich die Weiterf\u00fchrung dieses Gedankens gar nicht in Betracht ziehen: Eine derartige Weltpolizei w\u00fcrde binnen kurzer Zeit &#8211; wenn man von den Vorkommnissen der letzten 2 Jahrtausenden menschlicher Zivilisation ausgeht &#8211; zu einer grauenvollen Tyrannei mutieren. Das V\u00f6lkerrecht ist somit nichts Anderes als eine grandiose, gleichzeitig aber auch eine tragische und bisweilen gef\u00e4hrliche Illusion.<br \/>\nAls die europ\u00e4ischen M\u00e4chte viele Jahrhunderte \u00fcber alle Erdteile das Heft des milit\u00e4rischen Handelns in ihren alleinigen H\u00e4nden hielten, scherten sie sich einen feuchten Kehricht um Recht und Gerechtigkeit. Jetzt, da sie nur Zaung\u00e4ste weltpolitisch relevanter Aktionen sind, zeigen sie sich entr\u00fcstet, einige sind schockiert. Der demokratische Westen hat sich selbstgef\u00e4llig daran gew\u00f6hnt, sich nicht an offensichtliche Realit\u00e4ten, sondern an das &#8222;was sein sollte&#8220;, zu orientieren. Das ist lediglich das Wunschdenken jener, die am Spielfeldrand versuchen, das Spiel in ihrem Sinne zu beeinflussen und nicht merken, dass die Spieler sie geflissentlich ignorieren.<br \/>\nZu guter Letzt:<br \/>\nEs gibt auch einen recht pers\u00f6nlichen Grund, weshalb ich mir hier \u00fcber das V\u00f6lkerrecht einige wenige Gedanken gemacht habe. Ich erw\u00e4hnte einleitend die echten und die selbsternannten V\u00f6lkerrechtler. Die allermeisten dieser Personen, davon kann man dezidiert ausgehen, haben pers\u00f6nlich nie erleben m\u00fcssen, was die von Diktaturen unterdr\u00fcckten V\u00f6lker vom V\u00f6lkerrecht halten.<br \/>\nN\u00e4mlich: herzlich wenig.<br \/>\nWie sehr h\u00e4tte ich mich in meiner Jugend gefreut &#8211; und hier wage ich die Behauptung, dass ich im Namen aller rechtschaffenen, also nicht dem Unrechtsregime dienenden Menschen, die in den gut vier Jahrzehnten kommunistischer Herrschaft in Osteuropa gelebt haben, spreche &#8211; wenn ein paar Bomben mit chirurgischer Pr\u00e4zision das Geb\u00e4ude des Zentralkomitees der jeweiligen kommunistischen Partei getroffen h\u00e4tten! Nat\u00fcrlich ohne menschliche Opfer hervorzurufen, das versteht sich von selbst, also sozusagen in einer &#8211; w\u00f6rtlich genommen &#8211; Nacht-und-Nebel-Aktion!<br \/>\nWir alle h\u00e4tten Freudentr\u00e4nen in den Augen gehabt und an eine eventuelle V\u00f6lkerrechtsverletzung nicht einen einzigen Gedanken verschwendet!<br \/>\nDenn Millionen haben es hautnah erlebt:<br \/>\n&#8222;Das Unrecht an V\u00f6lkern wird durch das V\u00f6lkerrecht zementiert&#8220;. (Michael Wolffsohn)<\/p>\n<p>Dem war und ist nicht immer so, aber oft.<br \/>\nZu oft.<\/p>\n","protected":false},"excerpt":{"rendered":"<p>EINE SACHE DER PERSPEKTIVE Im Blickpunkt: Das V\u00f6lkerrecht. Bekanntlich gibt es die Fu\u00dfballfans, die nicht selten selbstgewiss von sich behaupten, gleichzeitig Fu\u00dfballexperten zu sein. Wenn Europa- oder Weltmeisterschaften stattfinden, hat Deutschland gef\u00fchlt vier Dutzend Millionen Experten. In politisch-milit\u00e4rischen Krisenzeiten gibt es ein \u00e4hnliches Ph\u00e4nomen: eine richtige Flut von echten aber auch selbsternannten und selbstgerechten V\u00f6lkerrechtlern.&hellip; <a href=\"https:\/\/actaseptimana.de\/index.php\/2026\/03\/13\/4929\/\" class=\"more-link\">Weiterlesen <span class=\"screen-reader-text\"><\/span><\/a><\/p>\n","protected":false},"author":1,"featured_media":0,"comment_status":"closed","ping_status":"open","sticky":false,"template":"","format":"standard","meta":{"_jetpack_memberships_contains_paid_content":false,"footnotes":""},"categories":[1],"tags":[18],"class_list":["post-4929","post","type-post","status-publish","format-standard","hentry","category-allgemein","tag-einsichten"],"jetpack_featured_media_url":"","jetpack_sharing_enabled":true,"_links":{"self":[{"href":"https:\/\/actaseptimana.de\/index.php\/wp-json\/wp\/v2\/posts\/4929","targetHints":{"allow":["GET"]}}],"collection":[{"href":"https:\/\/actaseptimana.de\/index.php\/wp-json\/wp\/v2\/posts"}],"about":[{"href":"https:\/\/actaseptimana.de\/index.php\/wp-json\/wp\/v2\/types\/post"}],"author":[{"embeddable":true,"href":"https:\/\/actaseptimana.de\/index.php\/wp-json\/wp\/v2\/users\/1"}],"replies":[{"embeddable":true,"href":"https:\/\/actaseptimana.de\/index.php\/wp-json\/wp\/v2\/comments?post=4929"}],"version-history":[{"count":25,"href":"https:\/\/actaseptimana.de\/index.php\/wp-json\/wp\/v2\/posts\/4929\/revisions"}],"predecessor-version":[{"id":4954,"href":"https:\/\/actaseptimana.de\/index.php\/wp-json\/wp\/v2\/posts\/4929\/revisions\/4954"}],"wp:attachment":[{"href":"https:\/\/actaseptimana.de\/index.php\/wp-json\/wp\/v2\/media?parent=4929"}],"wp:term":[{"taxonomy":"category","embeddable":true,"href":"https:\/\/actaseptimana.de\/index.php\/wp-json\/wp\/v2\/categories?post=4929"},{"taxonomy":"post_tag","embeddable":true,"href":"https:\/\/actaseptimana.de\/index.php\/wp-json\/wp\/v2\/tags?post=4929"}],"curies":[{"name":"wp","href":"https:\/\/api.w.org\/{rel}","templated":true}]}}